{"id":71448,"date":"2025-09-18T19:42:17","date_gmt":"2025-09-18T16:42:17","guid":{"rendered":"https:\/\/art50.net\/frieze-sculpture-2025-third-year-with-fatos-ustek\/"},"modified":"2025-09-19T10:47:57","modified_gmt":"2025-09-19T07:47:57","slug":"frieze-sculpture-2025-third-year-with-fatos-ustek","status":"publish","type":"post","link":"https:\/\/art50.net\/en\/frieze-sculpture-2025-third-year-with-fatos-ustek\/","title":{"rendered":"Frieze Sculpture 2025 \u2013 Third year with Fato\u015f \u00dcstek"},"content":{"rendered":"\n<div style=\"height:20px\" aria-hidden=\"true\" class=\"wp-block-spacer\"><\/div>\n\n\n\n<h2 class=\"wp-block-heading\"><strong>A Curator at the Crossroads of International Contemporary Art<\/strong><\/h2>\n\n\n\n<div style=\"height:20px\" aria-hidden=\"true\" class=\"wp-block-spacer\"><\/div>\n\n\n\n<p>Recognized for her visionary approach to art theory, public space, and contemporary cultural policy, Fato\u015f \u00dcstek stands out as one of today\u2019s most influential independent curators. After earning her degree in Mathematics from Bo\u011fazi\u00e7i University, \u00dcstek completed her MA in Contemporary Art Theory at Goldsmiths, University of London. Since then, she has continued to lead and contribute to numerous international projects across art writing, curating, and cultural strategy.<\/p>\n\n\n\n<div style=\"height:20px\" aria-hidden=\"true\" class=\"wp-block-spacer\"><\/div>\n\n\n\n<p>\u00dcstek has made her mark on the global art scene through key roles at major institutions such as the Liverpool Biennial, the fig-2 project, and the David Roberts Art Foundation. Since 2023, she has served as the curator of <strong>Frieze Sculpture<\/strong>, one of London\u2019s most prominent open-air exhibitions. She is also a founding member of <strong>Frank<\/strong>, an independent platform supporting cultural production. In 2023, she published <em>The Art Institution of Tomorrow<\/em>, a book that sparked significant debate on the future of art institutions.<\/p>\n\n\n\n<div style=\"height:20px\" aria-hidden=\"true\" class=\"wp-block-spacer\"><\/div>\n\n\n\n<p>In this interview, held on the occasion of <strong>Frieze Sculpture 2025<\/strong>, we spoke with \u00dcstek about the current relevance and meaning of public art, her artist-centered curatorial philosophy, and the conceptual framework behind this year\u2019s exhibition theme, <em>In the Shadows<\/em>.<\/p>\n\n\n\n<div style=\"height:40px\" aria-hidden=\"true\" class=\"wp-block-spacer\"><\/div>\n\n\n\n<p><p class=\"s10\"><strong><span class=\"s2\">You\u2019ve been curating the Frieze Sculpture exhibition for three years now. Was this an appointment made in 2023, or is it a role renewed annually?<\/span><\/strong><\/p><\/p>\n\n\n\n<div style=\"height:20px\" aria-hidden=\"true\" class=\"wp-block-spacer\"><\/div>\n\n\n\n<p>The appointment wasn&#8217;t just for one year; however, the first year served as a trial period for me. Following that, we signed a three-year contract. In total, I plan to curate a maximum of five Frieze Sculpture exhibitions. There are a few reasons for this: first, I don\u2019t want to repeat myself. More importantly, I believe that Frieze Sculpture should remain open to new ideas and fresh curatorial approaches.<\/p>\n\n\n\n<div style=\"height:40px\" aria-hidden=\"true\" class=\"wp-block-spacer\"><\/div>\n\n\n\n<p><p class=\"s10\"><strong><span class=\"s2\">How did this appointment make you feel?<\/span><\/strong><\/p><\/p>\n\n\n\n<div style=\"height:20px\" aria-hidden=\"true\" class=\"wp-block-spacer\"><\/div>\n\n\n\n<p>It\u2019s a position I\u2019m deeply proud of. It allows me to further develop my approach to art and the dialogue I build with artists. I\u2019m someone who finds joy in giving back; through Frieze Sculpture, contributing to the landscape of meaning and artistic discourse in London, the UK, and the international art scene is truly exciting for me.<\/p>\n\n\n\n<div style=\"height:40px\" aria-hidden=\"true\" class=\"wp-block-spacer\"><\/div>\n\n\n\n<p><p class=\"s10\"><strong><span class=\"s2\">You\u2019ve curated exhibitions around the world. What sets Frieze Sculpture apart for you?<\/span><\/strong><\/p><\/p>\n\n\n\n<div style=\"height:20px\" aria-hidden=\"true\" class=\"wp-block-spacer\"><\/div>\n\n\n\n<p>Curating in the same park every year is a challenge I\u2019ve embraced. As someone who avoids repetition, I strive to learn anew with each exhibition and to evolve my practice. Before Frieze Sculpture, I hadn\u2019t curated more than one exhibition in the same open-air setting.<\/p>\n\n\n\n<div style=\"height:20px\" aria-hidden=\"true\" class=\"wp-block-spacer\"><\/div>\n\n\n\n<p>International projects are incredibly enriching, but focusing on a single site brings a different kind of depth. The history, nature, trees, open spaces, and wildlife of Regent\u2019s Park offer new insights each year\u2014and reflecting those elements in the exhibition is very important to me.<\/p>\n\n\n\n<div style=\"height:20px\" aria-hidden=\"true\" class=\"wp-block-spacer\"><\/div>\n\n\n\n<p>For instance, this year Bur\u00e7ak Bing\u00f6l researched the clay strata beneath English gardens and created a piece by blending clay brought from Turkey with local soil. Her sculpture, Unit Terranum, references not only the layers of earth but also archaeological remnants we encountered during installation\u2014such as post-war metal fragments and ceramic pipes.<\/p>\n\n\n\n<div style=\"height:40px\" aria-hidden=\"true\" class=\"wp-block-spacer\"><\/div>\n\n\n\n<p><p class=\"s10\"><strong><span class=\"s2\">Frieze Sculpture is also a commercial venture. How familiar were you with that structure?<\/span><\/strong><\/p><\/p>\n\n\n\n<div style=\"height:20px\" aria-hidden=\"true\" class=\"wp-block-spacer\"><\/div>\n\n\n\n<p>Much of my career has been rooted in public spaces and non-profit institutions. That was also the case when I led the David Roberts Art Foundation. With Frieze, however, there&#8217;s a need to merge these two worlds.<\/p>\n\n\n\n<div style=\"height:20px\" aria-hidden=\"true\" class=\"wp-block-spacer\"><\/div>\n\n\n\n<p>I\u2019m very grateful to Eva Langret, Frieze Art Fair Director, who has been consistently supportive as I\u2019ve brought my vision for Frieze Sculpture to life. I approach this project as a kind of \u201cmini biennial.\u201d<\/p>\n\n\n\n<div style=\"height:20px\" aria-hidden=\"true\" class=\"wp-block-spacer\"><\/div>\n\n\n\n<p>Since last year, we\u2019ve been providing production grants to galleries and artists. This includes the long-standing bursary program from our logistics partner, MTEC. I also actively work with artists and galleries to engage collectors, foundations, and funders.<\/p>\n\n\n\n<div style=\"height:20px\" aria-hidden=\"true\" class=\"wp-block-spacer\"><\/div>\n\n\n\n<p>Although Frieze Sculpture takes place under the umbrella of the fair, it\u2019s a public and free exhibition\u2014reaching around 1 million visitors annually.<\/p>\n\n\n\n<div style=\"height:40px\" aria-hidden=\"true\" class=\"wp-block-spacer\"><\/div>\n\n\n\n<p><p class=\"s10\"><strong><span class=\"s2\">There have <\/span><span class=\"s2\">also <\/span><span class=\"s2\">been some changes with London Sculpture Week during this time. What\u2019s been done?<\/span><\/strong><\/p><\/p>\n\n\n\n<div style=\"height:20px\" aria-hidden=\"true\" class=\"wp-block-spacer\"><\/div>\n\n\n\n<p>Since I took on the role, we\u2019ve transformed London Sculpture Week from a network of mutual references into a platform for strong collaboration. Each year, we build on it with new initiatives.<\/p>\n\n\n\n<div style=\"height:20px\" aria-hidden=\"true\" class=\"wp-block-spacer\"><\/div>\n\n\n\n<p>Last year, we organised a symposium at Metropolitan University with all our partners. This year, the symposium has evolved into a series, with the second edition taking place on 26 September at the Warburg Institute.<\/p>\n\n\n\n<div style=\"height:20px\" aria-hidden=\"true\" class=\"wp-block-spacer\"><\/div>\n\n\n\n<p>We also planned cross-venue tours. For example, an artist from Sculpture in the City will be leading a public tour as part of Frieze Sculpture. With support from Bloomberg Connects, we\u2019ve hired a coordinator, and our new website went live just a few weeks ago.<\/p>\n\n\n\n<div style=\"height:40px\" aria-hidden=\"true\" class=\"wp-block-spacer\"><\/div>\n\n\n\n<p><p class=\"s10\"><strong><span class=\"s2\">Over the past three years, what changes have you seen in the exhibition? What\u2019s new this year?<\/span><\/strong><\/p><\/p>\n\n\n\n<div style=\"height:20px\" aria-hidden=\"true\" class=\"wp-block-spacer\"><\/div>\n\n\n\n<p>A consistent thread across all three editions has been the concept of the Expanded Notion of Sculpture. We explore sculpture through a lens that transcends material, medium, scale, and content.<\/p>\n\n\n\n<div style=\"height:20px\" aria-hidden=\"true\" class=\"wp-block-spacer\"><\/div>\n\n\n\n<p>In the first year, Hans Rosenstr\u00f6m explored sculpture as sound; last year, FOS worked with sculpture as performance, and Albano Hernandez examined sculpture as painting\u2014all more abstract approaches.<\/p>\n\n\n\n<div style=\"height:20px\" aria-hidden=\"true\" class=\"wp-block-spacer\"><\/div>\n\n\n\n<p><p class=\"s10\"><span class=\"s9\">This year, we made a more radical decision and, for the first time in the exhibition\u2019s history, introduced a curatorial theme and title: <\/span><span class=\"s12\">In the Shadows<\/span><span class=\"s9\">.<\/span><\/p><\/p>\n\n\n\n<div style=\"height:20px\" aria-hidden=\"true\" class=\"wp-block-spacer\"><\/div>\n\n\n\n<p>This shifts the exhibition\u2019s focus beyond the question of \u201cwhat is happening in sculpture today?\u201d toward \u201chow is art responding to tectonic shifts in society?\u201d<\/p>\n\n\n\n<div style=\"height:40px\" aria-hidden=\"true\" class=\"wp-block-spacer\"><\/div>\n\n\n\n<p><p class=\"s3\"><strong><span class=\"s2\">Let\u2019s talk about your artist selections. <\/span><span class=\"s2\">Your<\/span><span class=\"s2\"> selections are always diverse in practice, background, and geography. While earlier editions emphasized Middle Eastern and African artists, this year seems to highlight Asian voices. How do geography, global trends, and your curatorial framework shape your choices?\u201d<\/span><\/strong><\/p><\/p>\n\n\n\n<div style=\"height:20px\" aria-hidden=\"true\" class=\"wp-block-spacer\"><\/div>\n\n\n\n<p>Interestingly, this year artists based in the UK came to the fore\u2014almost half of the participating artists live in London or elsewhere in the UK, though only Andy Holden is British by origin.<\/p>\n\n\n\n<div style=\"height:20px\" aria-hidden=\"true\" class=\"wp-block-spacer\"><\/div>\n\n\n\n<p><p class=\"s10\"><span class=\"s9\">We also feature artists from Asia, the Middle East, and the Americas. This year\u2019s selection process was particularly discerning, as I focused on works that could genuinely contribute to the <\/span><span class=\"s12\">In the Shadows<\/span><span class=\"s9\"> theme.<\/span><\/p><\/p>\n\n\n\n<div style=\"height:20px\" aria-hidden=\"true\" class=\"wp-block-spacer\"><\/div>\n\n\n\n<p>I closely follow current trends in the art world\u2014the materials and techniques being used, thematic directions, and more. It\u2019s become part of my daily rhythm.<\/p>\n\n\n\n<div style=\"height:40px\" aria-hidden=\"true\" class=\"wp-block-spacer\"><\/div>\n\n\n\n<p><p class=\"s10\"><strong><span class=\"s2\">We\u2019ve noticed that each year you include one or two Turkish artists in the show, which is a point of pride. Beyond thematic alignment, does this reflect a mission to help bring greater international visibility to Turkish artists?<\/span><\/strong><\/p><\/p>\n\n\n\n<div style=\"height:20px\" aria-hidden=\"true\" class=\"wp-block-spacer\"><\/div>\n\n\n\n<p>Absolutely. Contemporary art from Turkey has gained significant momentum in recent years. Having Turkish artists represented on an international platform like Frieze Sculpture is very meaningful to me.<\/p>\n\n\n\n<div style=\"height:20px\" aria-hidden=\"true\" class=\"wp-block-spacer\"><\/div>\n\n\n\n<p>It\u2019s not only about recognition but also about placing Turkish artists in dialogue with internationally established names. It sends a powerful message to global audiences and collectors.<\/p>\n\n\n\n<div style=\"height:40px\" aria-hidden=\"true\" class=\"wp-block-spacer\"><\/div>\n\n\n\n<div class=\"wp-block-columns is-layout-flex wp-container-core-columns-is-layout-28f84493 wp-block-columns-is-layout-flex\">\n<div class=\"wp-block-column is-layout-flow wp-block-column-is-layout-flow\" style=\"flex-basis:33.34%\">\n<figure class=\"wp-block-image size-large\"><a href=\"https:\/\/art50.net\/wp-content\/uploads\/2025\/09\/IMG_2843-donusturuldugu-kaynak-jpg-1-scaled.webp\"><img fetchpriority=\"high\" decoding=\"async\" width=\"768\" height=\"1024\" src=\"https:\/\/art50.net\/wp-content\/uploads\/2025\/09\/IMG_2843-donusturuldugu-kaynak-jpg-1-768x1024.webp\" alt=\"\" class=\"wp-image-71419\" srcset=\"https:\/\/art50.net\/wp-content\/uploads\/2025\/09\/IMG_2843-donusturuldugu-kaynak-jpg-1-768x1024.webp 768w, https:\/\/art50.net\/wp-content\/uploads\/2025\/09\/IMG_2843-donusturuldugu-kaynak-jpg-1-450x600.webp 450w, https:\/\/art50.net\/wp-content\/uploads\/2025\/09\/IMG_2843-donusturuldugu-kaynak-jpg-1-225x300.webp 225w, https:\/\/art50.net\/wp-content\/uploads\/2025\/09\/IMG_2843-donusturuldugu-kaynak-jpg-1-1152x1536.webp 1152w, https:\/\/art50.net\/wp-content\/uploads\/2025\/09\/IMG_2843-donusturuldugu-kaynak-jpg-1-1536x2048.webp 1536w, https:\/\/art50.net\/wp-content\/uploads\/2025\/09\/IMG_2843-donusturuldugu-kaynak-jpg-1-scaled.webp 1920w\" sizes=\"(max-width: 768px) 100vw, 768px\" \/><\/a><\/figure>\n<\/div>\n\n\n\n<div class=\"wp-block-column is-layout-flow wp-block-column-is-layout-flow\" style=\"flex-basis:33.33%\">\n<figure class=\"wp-block-image size-large\"><a href=\"https:\/\/art50.net\/wp-content\/uploads\/2025\/09\/IMG_2872-donusturuldugu-kaynak-jpg-1-scaled.webp\"><img decoding=\"async\" width=\"768\" height=\"1024\" src=\"https:\/\/art50.net\/wp-content\/uploads\/2025\/09\/IMG_2872-donusturuldugu-kaynak-jpg-1-768x1024.webp\" alt=\"\" class=\"wp-image-71415\" srcset=\"https:\/\/art50.net\/wp-content\/uploads\/2025\/09\/IMG_2872-donusturuldugu-kaynak-jpg-1-768x1024.webp 768w, https:\/\/art50.net\/wp-content\/uploads\/2025\/09\/IMG_2872-donusturuldugu-kaynak-jpg-1-450x600.webp 450w, https:\/\/art50.net\/wp-content\/uploads\/2025\/09\/IMG_2872-donusturuldugu-kaynak-jpg-1-225x300.webp 225w, https:\/\/art50.net\/wp-content\/uploads\/2025\/09\/IMG_2872-donusturuldugu-kaynak-jpg-1-1152x1536.webp 1152w, https:\/\/art50.net\/wp-content\/uploads\/2025\/09\/IMG_2872-donusturuldugu-kaynak-jpg-1-1536x2048.webp 1536w, https:\/\/art50.net\/wp-content\/uploads\/2025\/09\/IMG_2872-donusturuldugu-kaynak-jpg-1-scaled.webp 1920w\" sizes=\"(max-width: 768px) 100vw, 768px\" \/><\/a><\/figure>\n<\/div>\n\n\n\n<div class=\"wp-block-column is-layout-flow wp-block-column-is-layout-flow\" style=\"flex-basis:33.33%\">\n<figure class=\"wp-block-image size-large\"><a href=\"https:\/\/art50.net\/wp-content\/uploads\/2025\/09\/IMG_2853-donusturuldugu-kaynak-jpg-1-scaled.webp\"><img decoding=\"async\" width=\"768\" height=\"1024\" src=\"https:\/\/art50.net\/wp-content\/uploads\/2025\/09\/IMG_2853-donusturuldugu-kaynak-jpg-1-768x1024.webp\" alt=\"\" class=\"wp-image-71417\" srcset=\"https:\/\/art50.net\/wp-content\/uploads\/2025\/09\/IMG_2853-donusturuldugu-kaynak-jpg-1-768x1024.webp 768w, https:\/\/art50.net\/wp-content\/uploads\/2025\/09\/IMG_2853-donusturuldugu-kaynak-jpg-1-450x600.webp 450w, https:\/\/art50.net\/wp-content\/uploads\/2025\/09\/IMG_2853-donusturuldugu-kaynak-jpg-1-225x300.webp 225w, https:\/\/art50.net\/wp-content\/uploads\/2025\/09\/IMG_2853-donusturuldugu-kaynak-jpg-1-1152x1536.webp 1152w, https:\/\/art50.net\/wp-content\/uploads\/2025\/09\/IMG_2853-donusturuldugu-kaynak-jpg-1-1536x2048.webp 1536w, https:\/\/art50.net\/wp-content\/uploads\/2025\/09\/IMG_2853-donusturuldugu-kaynak-jpg-1-scaled.webp 1920w\" sizes=\"(max-width: 768px) 100vw, 768px\" \/><\/a><\/figure>\n<\/div>\n<\/div>\n\n\n\n<p><em>Fato\u015f \u00dcstek, Frieze Sculpture 2024, <span class=\"s2\">curator-led tours<\/span>. Photo: G\u00fcliz \u00d6zbek Collini<\/em><\/p>\n\n\n\n<div style=\"height:40px\" aria-hidden=\"true\" class=\"wp-block-spacer\"><\/div>\n\n\n\n<p><p class=\"s10\"><strong><span class=\"s2\">Last year\u2019s performances and curator-led tours drew a lot of attention and helped keep the exhibition in the public eye, growing its popularity through word of mouth. Were those your initiatives? What\u2019s on the program this year?<\/span><\/strong><\/p><\/p>\n\n\n\n<div style=\"height:20px\" aria-hidden=\"true\" class=\"wp-block-spacer\"><\/div>\n\n\n\n<p>I always approach the exhibition as a holistic experience. It\u2019s not only about the selected works, but also the relationships they build with the audience.<\/p>\n\n\n\n<div style=\"height:20px\" aria-hidden=\"true\" class=\"wp-block-spacer\"><\/div>\n\n\n\n<p>How visitors enter the exhibition, what they see, and how they feel\u2014these are central to my curatorial practice. That\u2019s why we develop public programming to support and expand on certain artworks.<\/p>\n\n\n\n<div style=\"height:20px\" aria-hidden=\"true\" class=\"wp-block-spacer\"><\/div>\n\n\n\n<p>Last year, for instance, Fani Parali\u2019s piece was integrated with an opera performance, while \u0130nci Eviner\u2019s work transformed into a stage that gave life to characters from her narrative.<\/p>\n\n\n\n<div style=\"height:20px\" aria-hidden=\"true\" class=\"wp-block-spacer\"><\/div>\n\n\n\n<p><p class=\"s10\"><span class=\"s9\">This year, we\u2019ve created a structure that invites visitors to slow down and reflect. For example, <\/span><strong><span class=\"s2\">Simon Hitchens<\/span><\/strong><span class=\"s9\"> will perform a <\/span><span class=\"s12\">durational<\/span><span class=\"s9\"> piece from sunrise to sunset on 21 and 28 September\u2014a first in Frieze Sculpture\u2019s history.<\/span><\/p><\/p>\n\n\n\n<div style=\"height:20px\" aria-hidden=\"true\" class=\"wp-block-spacer\"><\/div>\n\n\n\n<p><p class=\"s10\"><strong><span class=\"s2\">Assemble <\/span><\/strong><span class=\"s9\">is designing a procession or walk, while <\/span><span class=\"s2\"><strong>Luc\u00eda Pizzani<\/strong>\u2019s<\/span><span class=\"s9\"> performances are being developed in collaboration with <\/span><strong><span class=\"s2\">Lucia Pietroiusti<\/span><\/strong><span class=\"s9\">.<\/span><\/p><\/p>\n\n\n\n<div style=\"height:20px\" aria-hidden=\"true\" class=\"wp-block-spacer\"><\/div>\n\n\n\n<p>I also lead public tours that are open to everyone\u2014not just VIPs. Every year, I host tours on the opening and closing Sundays, as well as a special evening walk on 21 September, marking the start of autumn.<\/p>\n\n\n\n<div style=\"height:40px\" aria-hidden=\"true\" class=\"wp-block-spacer\"><\/div>\n\n\n\n<p><p class=\"s10\"><strong><span class=\"s2\">How many of the works in this year\u2019s exhibition were newly commissioned? Could you share a few details?<\/span><\/strong><\/p><\/p>\n\n\n\n<div style=\"height:20px\" aria-hidden=\"true\" class=\"wp-block-spacer\"><\/div>\n\n\n\n<p>Assemble, Bur\u00e7ak Bing\u00f6l, and Luc\u00eda Pizzani have all created new works specifically for this exhibition.<\/p>\n\n\n\n<div style=\"height:20px\" aria-hidden=\"true\" class=\"wp-block-spacer\"><\/div>\n\n\n\n<p>Assemble and Pizzani are presenting pieces that focus on mythology and ritual. Bur\u00e7ak Bing\u00f6l\u2019s sculpture is site-responsive\u2014deeply connected to and embedded in the park itself.<\/p>\n\n\n\n<div style=\"height:40px\" aria-hidden=\"true\" class=\"wp-block-spacer\"><\/div>\n\n\n\n<div class=\"wp-block-columns is-layout-flex wp-container-core-columns-is-layout-28f84493 wp-block-columns-is-layout-flex\">\n<div class=\"wp-block-column is-layout-flow wp-block-column-is-layout-flow\" style=\"flex-basis:33.34%\">\n<figure class=\"wp-block-image size-large is-resized\"><a href=\"https:\/\/art50.net\/wp-content\/uploads\/2025\/09\/Ekran-Resmi-2025-09-18-19.16.50-donusturuldugu-kaynak-png-806x1024.webp\"><img loading=\"lazy\" decoding=\"async\" width=\"806\" height=\"1024\" src=\"https:\/\/art50.net\/wp-content\/uploads\/2025\/09\/Ekran-Resmi-2025-09-18-19.16.50-donusturuldugu-kaynak-png-806x1024.webp\" alt=\"\" class=\"wp-image-71436\" style=\"width:auto;height:300px\" srcset=\"https:\/\/art50.net\/wp-content\/uploads\/2025\/09\/Ekran-Resmi-2025-09-18-19.16.50-donusturuldugu-kaynak-png-806x1024.webp 806w, https:\/\/art50.net\/wp-content\/uploads\/2025\/09\/Ekran-Resmi-2025-09-18-19.16.50-donusturuldugu-kaynak-png-472x600.webp 472w, https:\/\/art50.net\/wp-content\/uploads\/2025\/09\/Ekran-Resmi-2025-09-18-19.16.50-donusturuldugu-kaynak-png-236x300.webp 236w, https:\/\/art50.net\/wp-content\/uploads\/2025\/09\/Ekran-Resmi-2025-09-18-19.16.50-donusturuldugu-kaynak-png-768x975.webp 768w, https:\/\/art50.net\/wp-content\/uploads\/2025\/09\/Ekran-Resmi-2025-09-18-19.16.50-donusturuldugu-kaynak-png-1209x1536.webp 1209w, https:\/\/art50.net\/wp-content\/uploads\/2025\/09\/Ekran-Resmi-2025-09-18-19.16.50-donusturuldugu-kaynak-png.webp 1222w\" sizes=\"(max-width: 806px) 100vw, 806px\" \/><\/a><figcaption class=\"wp-element-caption\">Assemble, <em>Fibredog<\/em>, 2025, presented by Plinth. Photo by Linda Nylind.<\/figcaption><\/figure>\n<\/div>\n\n\n\n<div class=\"wp-block-column is-layout-flow wp-block-column-is-layout-flow\" style=\"flex-basis:33.33%\">\n<figure class=\"wp-block-image size-large is-resized\"><a href=\"https:\/\/art50.net\/wp-content\/uploads\/2025\/09\/Ekran-Resmi-2025-09-18-19.17.45-donusturuldugu-kaynak-png-779x1024.webp\"><img loading=\"lazy\" decoding=\"async\" width=\"779\" height=\"1024\" src=\"https:\/\/art50.net\/wp-content\/uploads\/2025\/09\/Ekran-Resmi-2025-09-18-19.17.45-donusturuldugu-kaynak-png-779x1024.webp\" alt=\"\" class=\"wp-image-71438\" style=\"width:auto;height:300px\" srcset=\"https:\/\/art50.net\/wp-content\/uploads\/2025\/09\/Ekran-Resmi-2025-09-18-19.17.45-donusturuldugu-kaynak-png-779x1024.webp 779w, https:\/\/art50.net\/wp-content\/uploads\/2025\/09\/Ekran-Resmi-2025-09-18-19.17.45-donusturuldugu-kaynak-png-456x600.webp 456w, https:\/\/art50.net\/wp-content\/uploads\/2025\/09\/Ekran-Resmi-2025-09-18-19.17.45-donusturuldugu-kaynak-png-228x300.webp 228w, https:\/\/art50.net\/wp-content\/uploads\/2025\/09\/Ekran-Resmi-2025-09-18-19.17.45-donusturuldugu-kaynak-png-768x1010.webp 768w, https:\/\/art50.net\/wp-content\/uploads\/2025\/09\/Ekran-Resmi-2025-09-18-19.17.45-donusturuldugu-kaynak-png-1168x1536.webp 1168w, https:\/\/art50.net\/wp-content\/uploads\/2025\/09\/Ekran-Resmi-2025-09-18-19.17.45-donusturuldugu-kaynak-png.webp 1186w\" sizes=\"(max-width: 779px) 100vw, 779px\" \/><\/a><figcaption class=\"wp-element-caption\">Bur\u00e7ak Bing\u00f6l, <em>Unit Terrenum Rosa<\/em>, 2025, presented by Galeri Nev Istanbul. Photo by Linda Nylind.<\/figcaption><\/figure>\n<\/div>\n\n\n\n<div class=\"wp-block-column is-layout-flow wp-block-column-is-layout-flow\" style=\"flex-basis:33.33%\">\n<figure class=\"wp-block-image size-large is-resized\"><a href=\"https:\/\/art50.net\/wp-content\/uploads\/2025\/09\/Ekran-Resmi-2025-09-18-19.19.19-donusturuldugu-kaynak-png-1024x791.webp\"><img loading=\"lazy\" decoding=\"async\" width=\"1024\" height=\"791\" src=\"https:\/\/art50.net\/wp-content\/uploads\/2025\/09\/Ekran-Resmi-2025-09-18-19.19.19-donusturuldugu-kaynak-png-1024x791.webp\" alt=\"\" class=\"wp-image-71440\" style=\"width:auto;height:300px\" srcset=\"https:\/\/art50.net\/wp-content\/uploads\/2025\/09\/Ekran-Resmi-2025-09-18-19.19.19-donusturuldugu-kaynak-png-1024x791.webp 1024w, https:\/\/art50.net\/wp-content\/uploads\/2025\/09\/Ekran-Resmi-2025-09-18-19.19.19-donusturuldugu-kaynak-png-600x463.webp 600w, https:\/\/art50.net\/wp-content\/uploads\/2025\/09\/Ekran-Resmi-2025-09-18-19.19.19-donusturuldugu-kaynak-png-300x232.webp 300w, https:\/\/art50.net\/wp-content\/uploads\/2025\/09\/Ekran-Resmi-2025-09-18-19.19.19-donusturuldugu-kaynak-png-768x593.webp 768w, https:\/\/art50.net\/wp-content\/uploads\/2025\/09\/Ekran-Resmi-2025-09-18-19.19.19-donusturuldugu-kaynak-png-1536x1186.webp 1536w, https:\/\/art50.net\/wp-content\/uploads\/2025\/09\/Ekran-Resmi-2025-09-18-19.19.19-donusturuldugu-kaynak-png.webp 2012w\" sizes=\"(max-width: 1024px) 100vw, 1024px\" \/><\/a><figcaption class=\"wp-element-caption\">Luc\u00eda Pizzani, <em>The Tale of the Eye,\u202fthe Snake and the Seed<\/em>,\u202f2025, presented by Galleria Doris Ghetta &amp; Victoria Law Projects. Photo by Linda Nylind.<\/figcaption><\/figure>\n<\/div>\n<\/div>\n\n\n\n<div style=\"height:20px\" aria-hidden=\"true\" class=\"wp-block-spacer\"><\/div>\n\n\n\n<p>Interview: G\u00fcliz \u00d6zbek Collini<\/p>\n\n\n\n<div style=\"height:40px\" aria-hidden=\"true\" class=\"wp-block-spacer\"><\/div>\n\n\n\n<h5 class=\"wp-block-heading\"><strong>You can find all details of Frieze Sculpture 2025 and images of all sculpture&nbsp;<a href=\"https:\/\/art50.net\/en\/in-the-shadows-frieze-sculpture-2025\/\"><mark style=\"background-color:rgba(0, 0, 0, 0)\" class=\"has-inline-color has-vivid-cyan-blue-color\">here<\/mark><\/a>.<\/strong><\/h5>\n\n\n\n<div style=\"height:40px\" aria-hidden=\"true\" class=\"wp-block-spacer\"><\/div>\n\n\n\n<p>Cover Photo: Courtesy of <a href=\"https:\/\/www.instagram.com\/thewickculture\/?igsh=MWtzODViN2FsMHN5bw%3D%3D#\"><mark style=\"background-color:rgba(0, 0, 0, 0)\" class=\"has-inline-color has-vivid-cyan-blue-color\">the Wick<\/mark><\/a><\/p>\n\n\n\n<div style=\"height:40px\" aria-hidden=\"true\" class=\"wp-block-spacer\"><\/div>\n","protected":false},"excerpt":{"rendered":"<p>A Curator at the Crossroads of International Contemporary Art Recognized for her visionary approach to art theory, public space, and contemporary cultural policy, Fato\u015f \u00dcstek stands out as one of today\u2019s most influential independent curators. After earning her degree in Mathematics from Bo\u011fazi\u00e7i University, \u00dcstek completed her MA in Contemporary Art Theory at Goldsmiths, University [&hellip;]<\/p>\n","protected":false},"author":1456,"featured_media":71468,"comment_status":"closed","ping_status":"closed","sticky":false,"template":"","format":"standard","meta":{"_acf_changed":false,"footnotes":"","_links_to":"","_links_to_target":""},"categories":[4516],"tags":[],"class_list":["post-71448","post","type-post","status-publish","format-standard","has-post-thumbnail","hentry","category-fuarlar-bienaller"],"acf":[],"_links":{"self":[{"href":"https:\/\/art50.net\/en\/wp-json\/wp\/v2\/posts\/71448","targetHints":{"allow":["GET"]}}],"collection":[{"href":"https:\/\/art50.net\/en\/wp-json\/wp\/v2\/posts"}],"about":[{"href":"https:\/\/art50.net\/en\/wp-json\/wp\/v2\/types\/post"}],"author":[{"embeddable":true,"href":"https:\/\/art50.net\/en\/wp-json\/wp\/v2\/users\/1456"}],"replies":[{"embeddable":true,"href":"https:\/\/art50.net\/en\/wp-json\/wp\/v2\/comments?post=71448"}],"version-history":[{"count":15,"href":"https:\/\/art50.net\/en\/wp-json\/wp\/v2\/posts\/71448\/revisions"}],"predecessor-version":[{"id":71504,"href":"https:\/\/art50.net\/en\/wp-json\/wp\/v2\/posts\/71448\/revisions\/71504"}],"wp:featuredmedia":[{"embeddable":true,"href":"https:\/\/art50.net\/en\/wp-json\/wp\/v2\/media\/71468"}],"wp:attachment":[{"href":"https:\/\/art50.net\/en\/wp-json\/wp\/v2\/media?parent=71448"}],"wp:term":[{"taxonomy":"category","embeddable":true,"href":"https:\/\/art50.net\/en\/wp-json\/wp\/v2\/categories?post=71448"},{"taxonomy":"post_tag","embeddable":true,"href":"https:\/\/art50.net\/en\/wp-json\/wp\/v2\/tags?post=71448"}],"curies":[{"name":"wp","href":"https:\/\/api.w.org\/{rel}","templated":true}]}}